{"id":27950,"date":"2016-11-16T09:43:52","date_gmt":"2016-11-16T08:43:52","guid":{"rendered":"https:\/\/medicusgaia.com\/el-poder-dels-olis-essencials-immunomodulacio-i-aromaterapia-cientifica\/"},"modified":"2026-03-20T19:25:03","modified_gmt":"2026-03-20T18:25:03","slug":"olis-essencials-immunomodulacion-aromaterapia","status":"publish","type":"post","link":"https:\/\/medicusgaia.com\/ca\/olis-essencials-immunomodulacion-aromaterapia\/","title":{"rendered":"El Poder dels Olis Essencials: Immunomodulaci\u00f3 i Aromater\u00e0pia Cient\u00edfica"},"content":{"rendered":"\n<p>L&#8217;<strong>aromater\u00e0pia cient\u00edfica<\/strong> \u00e9s una disciplina basada en l&#8217;aplicaci\u00f3 d&#8217;<strong>olis essencials quimiotipats<\/strong> amb fins terap\u00e8utics. A difer\u00e8ncia de l&#8217;aromater\u00e0pia tradicional, aquesta es fonamenta en estudis cient\u00edfics i evid\u00e8ncia cl\u00ednica per al seu \u00fas en la salut humana, veterin\u00e0ria i fitosanit\u00e0ria. <\/p>\n\n<p>Un dels aspectes m\u00e9s prometedors dels olis essencials \u00e9s la capacitat immunomoduladora, \u00e9s a dir, el potencial per regular i equilibrar el sistema immunol\u00f2gic. Aquest enfocament ha estat \u00e0mpliament estudiat i presentat en f\u00f2rums especialitzats, com ara la Primera Jornada d&#8217;Aromater\u00e0pia Cient\u00edfica Coliseum &#8211; Pranarom, on la <strong>Dra. Cristina Pellicer Sabad\u00ed<\/strong> va exposar en profunditat sobre l&#8217;<strong>efecte immunomodulador dels olis essencials<\/strong>.<\/p>\n\n<h5 class=\"wp-block-heading\"><strong>La Confer\u00e8ncia de la Dra. Cristina Pellicer Sabad\u00ed sobre Olis Essencials i Immunomodulaci\u00f3 <\/strong><\/h5>\n\n<p>El <strong>5 de novembre de 2016<\/strong>, la <strong>Dra. Cristina Pellicer Sabad\u00ed<\/strong> va participar a la Primera Jornada d&#8217;Aromater\u00e0pia Cient\u00edfica organitzada per Pranarom i la Farm\u00e0cia Coliseum. En aquesta pon\u00e8ncia, la doctora va abordar el paper clau dels olis essencials a la modulaci\u00f3 del sistema immunol\u00f2gic, explicant com certes mol\u00e8cules arom\u00e0tiques poden estimular, equilibrar o regular les defenses de l&#8217;organisme.<\/p>\n\n<p>La confer\u00e8ncia va tenir una durada de <strong>1 hora i 13 minuts<\/strong>, i si desitges veure-la en la seva totalitat, pots accedir al v\u00eddeo complet al seg\u00fcent enlla\u00e7:<\/p>\n\n<p>\ud83d\udd17<a href=\"https:\/\/www.youtube.com\/watch?v=4jpx8Tpz968\" target=\"_blank\" rel=\"noreferrer noopener\"><strong> Veure la confer\u00e8ncia completa a YouTube<\/strong><\/a><\/p>\n\n<h5 class=\"wp-block-heading\"><strong>Olis Essencials Quimiotipats i Immunomodulaci\u00f3<\/strong><\/h5>\n\n<p>Els <strong>olis essencials quimiotipats (AEQT) <\/strong>s\u00f3n extractes naturals de plantes amb una composici\u00f3 qu\u00edmica precisa i controlada. Aquesta diferenciaci\u00f3 \u00e9s clau per a \u00fas terap\u00e8utic, ja que no tots els olis essencials tenen els mateixos efectes sobre l&#8217;organisme. <\/p>\n\n<p>Alguns olis essencials han demostrat propietats <strong>immunomoduladores<\/strong>, \u00e9s a dir, poden estimular o regular el sistema immunol\u00f2gic segons les necessitats del cos. Entre els m\u00e9s destacats en aquest camp trobem: <\/p>\n\n<ul class=\"wp-block-list\">\n<li><strong>Ravintsara (Cinnamomum camphora qt cineol)<\/strong>: potent antiviral i immunoestimulant.<\/li>\n\n\n\n<li><strong>Arbre del Te (Melaleuca alternifolia)<\/strong>: antibacteri\u00e0, antif\u00fangic i modulador immunol\u00f2gic.<\/li>\n\n\n\n<li><strong>Eucaliptus Radiata (Eucalyptus radiata):<\/strong> expectorant, antimicrobi\u00e0 i enfortidor del sistema respiratori.<\/li>\n\n\n\n<li><strong>Farigola QT Timol (Thymus vulgaris qt timol)<\/strong>: per estimular les defenses i combatre infeccions.<\/li>\n<\/ul>\n\n<h5 class=\"wp-block-heading\"><strong>Aromater\u00e0pia Cient\u00edfica: Un Enfocament Basat en Evid\u00e8ncia<\/strong><\/h5>\n\n<p>L&#8217;<strong>aromater\u00e0pia cient\u00edfica<\/strong> es diferencia de la tradicional pel seu enfocament basat en dades cl\u00edniques i evid\u00e8ncia de laboratori. A l&#8217;<strong>Institut de Salut i Medicina Integrativa Medicus Gaia<\/strong>, l&#8217;aromater\u00e0pia \u00e9s utilitzada com una eina dins de la <strong>medicina integrativa<\/strong>, combinant la seva efectivitat amb altres tractaments m\u00e8dics convencionals per oferir una atenci\u00f3 hol\u00edstica i personalitzada. <\/p>\n\n<p>La <strong>qualitat i la puresa dels olis essencials<\/strong> \u00e9s fonamental per garantir-ne la seguretat i l&#8217;efic\u00e0cia, per la qual cosa \u00e9s recomanable utilitzar-los sempre sota la supervisi\u00f3 d&#8217;un professional capacitat.<\/p>\n\n<h5 class=\"wp-block-heading\"><strong>Conclusi\u00f3<\/strong><\/h5>\n\n<p>Els olis essencials quimiotipats representen una eina poderosa en la regulaci\u00f3 del sistema immunol\u00f2gic i el benestar general. Gr\u00e0cies a la investigaci\u00f3 cient\u00edfica ia l&#8217;experi\u00e8ncia de professionals com la <strong>Dra. Cristina Pellicer Sabad\u00ed<\/strong>, l&#8217;<strong>aromater\u00e0pia cient\u00edfica<\/strong> es consolida com un complement terap\u00e8utic de gran valor en la medicina integrativa.<\/p>\n\n<p>Si vols con\u00e8ixer m\u00e9s sobre aquest fascinant tema, et convidem a veure la <strong>confer\u00e8ncia completa de la Dra. Pellicer<\/strong> al seg\u00fcent enlla\u00e7:<\/p>\n\n<p>\ud83c\udfa5 <a href=\"https:\/\/www.youtube.com\/watch?v=4jpx8Tpz968\" target=\"_blank\" rel=\"noreferrer noopener\"><strong>Veure confer\u00e8ncia a YouTube<\/strong><\/a><\/p>\n\n<p>Per a m\u00e9s informaci\u00f3 sobre tractaments amb aromater\u00e0pia cient\u00edfica, entra aqu\u00ed:<br\/>\ud83d\udd17 <a href=\"https:\/\/medicusgaia.com\/ca\/tractaments\/aromaterapia-cientifica\/\"><strong>Aromater\u00e0pia a Medicus Gaia<\/strong><\/a><\/p>\n","protected":false},"excerpt":{"rendered":"<p>L&#8217;aromater\u00e0pia cient\u00edfica \u00e9s una disciplina basada en l&#8217;aplicaci\u00f3 d&#8217;olis essencials quimiotipats amb fins terap\u00e8utics. A difer\u00e8ncia de l&#8217;aromater\u00e0pia tradicional, aquesta es fonamenta en estudis cient\u00edfics i evid\u00e8ncia cl\u00ednica per al seu \u00fas en la salut humana, veterin\u00e0ria i fitosanit\u00e0ria. Un dels aspectes m\u00e9s prometedors dels olis essencials \u00e9s la capacitat immunomoduladora, \u00e9s a dir, el [&hellip;]<\/p>\n","protected":false},"author":5,"featured_media":27869,"comment_status":"closed","ping_status":"closed","sticky":false,"template":"","format":"standard","meta":{"_et_pb_use_builder":"","_et_pb_old_content":"","_et_gb_content_width":"","footnotes":""},"categories":[83],"tags":[],"class_list":["post-27950","post","type-post","status-publish","format-standard","has-post-thumbnail","hentry","category-noticies"],"yoast_head":"<!-- This site is optimized with the Yoast SEO plugin v27.5 - https:\/\/yoast.com\/product\/yoast-seo-wordpress\/ -->\n<title>Olis essencials i immunomodulaci\u00f3: Aromater\u00e0pia cient\u00edfica<\/title>\n<meta name=\"description\" content=\"Els olis essencials quimiotipats regulen el sistema immunol\u00f2gic segons la Dra. Cristina Pellicer. Aromater\u00e0pia basada en ci\u00e8ncia.\" \/>\n<meta name=\"robots\" content=\"index, follow, max-snippet:-1, max-image-preview:large, max-video-preview:-1\" \/>\n<link rel=\"canonical\" href=\"https:\/\/medicusgaia.com\/ca\/olis-essencials-immunomodulacion-aromaterapia\/\" \/>\n<meta property=\"og:locale\" content=\"ca_ES\" \/>\n<meta property=\"og:type\" content=\"article\" \/>\n<meta property=\"og:title\" content=\"Olis essencials i immunomodulaci\u00f3: Aromater\u00e0pia cient\u00edfica\" \/>\n<meta property=\"og:description\" content=\"Els olis essencials quimiotipats regulen el sistema immunol\u00f2gic segons la Dra. Cristina Pellicer. Aromater\u00e0pia basada en ci\u00e8ncia.\" \/>\n<meta property=\"og:url\" content=\"https:\/\/medicusgaia.com\/ca\/olis-essencials-immunomodulacion-aromaterapia\/\" \/>\n<meta property=\"og:site_name\" content=\"Medicus Gaia\" \/>\n<meta property=\"article:publisher\" content=\"https:\/\/www.facebook.com\/profile.php?id=100083402287688\" \/>\n<meta property=\"article:published_time\" content=\"2016-11-16T08:43:52+00:00\" \/>\n<meta property=\"article:modified_time\" content=\"2026-03-20T18:25:03+00:00\" \/>\n<meta property=\"og:image\" content=\"https:\/\/medicusgaia.com\/wp-content\/uploads\/2018\/11\/El-Poder-de-los-Aceites-Esenciales_-Inmunomodulacion-y-Aromaterapia-Cientifica.png\" \/>\n\t<meta property=\"og:image:width\" content=\"1344\" \/>\n\t<meta property=\"og:image:height\" content=\"896\" \/>\n\t<meta property=\"og:image:type\" content=\"image\/png\" \/>\n<meta name=\"author\" content=\"GaiaPubli\" \/>\n<meta name=\"twitter:card\" content=\"summary_large_image\" \/>\n<meta name=\"twitter:label1\" content=\"Escrit per\" \/>\n\t<meta name=\"twitter:data1\" content=\"GaiaPubli\" \/>\n\t<meta name=\"twitter:label2\" content=\"Temps estimat de lectura\" \/>\n\t<meta name=\"twitter:data2\" content=\"4 minuts\" \/>\n<script type=\"application\/ld+json\" class=\"yoast-schema-graph\">{\"@context\":\"https:\\\/\\\/schema.org\",\"@graph\":[{\"@type\":\"Article\",\"@id\":\"https:\\\/\\\/medicusgaia.com\\\/ca\\\/olis-essencials-immunomodulacion-aromaterapia\\\/#article\",\"isPartOf\":{\"@id\":\"https:\\\/\\\/medicusgaia.com\\\/ca\\\/olis-essencials-immunomodulacion-aromaterapia\\\/\"},\"author\":{\"name\":\"GaiaPubli\",\"@id\":\"https:\\\/\\\/medicusgaia.com\\\/ca\\\/#\\\/schema\\\/person\\\/a546511d4effa14bbd6efcf46f08b17a\"},\"headline\":\"El Poder dels Olis Essencials: Immunomodulaci\u00f3 i Aromater\u00e0pia Cient\u00edfica\",\"datePublished\":\"2016-11-16T08:43:52+00:00\",\"dateModified\":\"2026-03-20T18:25:03+00:00\",\"mainEntityOfPage\":{\"@id\":\"https:\\\/\\\/medicusgaia.com\\\/ca\\\/olis-essencials-immunomodulacion-aromaterapia\\\/\"},\"wordCount\":588,\"publisher\":{\"@id\":\"https:\\\/\\\/medicusgaia.com\\\/ca\\\/#organization\"},\"image\":{\"@id\":\"https:\\\/\\\/medicusgaia.com\\\/ca\\\/olis-essencials-immunomodulacion-aromaterapia\\\/#primaryimage\"},\"thumbnailUrl\":\"https:\\\/\\\/medicusgaia.com\\\/wp-content\\\/uploads\\\/2018\\\/11\\\/El-Poder-de-los-Aceites-Esenciales_-Inmunomodulacion-y-Aromaterapia-Cientifica.png\",\"articleSection\":[\"Not\u00edcies\"],\"inLanguage\":\"ca\"},{\"@type\":\"WebPage\",\"@id\":\"https:\\\/\\\/medicusgaia.com\\\/ca\\\/olis-essencials-immunomodulacion-aromaterapia\\\/\",\"url\":\"https:\\\/\\\/medicusgaia.com\\\/ca\\\/olis-essencials-immunomodulacion-aromaterapia\\\/\",\"name\":\"Olis essencials i immunomodulaci\u00f3: Aromater\u00e0pia cient\u00edfica\",\"isPartOf\":{\"@id\":\"https:\\\/\\\/medicusgaia.com\\\/ca\\\/#website\"},\"primaryImageOfPage\":{\"@id\":\"https:\\\/\\\/medicusgaia.com\\\/ca\\\/olis-essencials-immunomodulacion-aromaterapia\\\/#primaryimage\"},\"image\":{\"@id\":\"https:\\\/\\\/medicusgaia.com\\\/ca\\\/olis-essencials-immunomodulacion-aromaterapia\\\/#primaryimage\"},\"thumbnailUrl\":\"https:\\\/\\\/medicusgaia.com\\\/wp-content\\\/uploads\\\/2018\\\/11\\\/El-Poder-de-los-Aceites-Esenciales_-Inmunomodulacion-y-Aromaterapia-Cientifica.png\",\"datePublished\":\"2016-11-16T08:43:52+00:00\",\"dateModified\":\"2026-03-20T18:25:03+00:00\",\"description\":\"Els olis essencials quimiotipats regulen el sistema immunol\u00f2gic segons la Dra. Cristina Pellicer. Aromater\u00e0pia basada en ci\u00e8ncia.\",\"inLanguage\":\"ca\",\"potentialAction\":[{\"@type\":\"ReadAction\",\"target\":[\"https:\\\/\\\/medicusgaia.com\\\/ca\\\/olis-essencials-immunomodulacion-aromaterapia\\\/\"]}]},{\"@type\":\"ImageObject\",\"inLanguage\":\"ca\",\"@id\":\"https:\\\/\\\/medicusgaia.com\\\/ca\\\/olis-essencials-immunomodulacion-aromaterapia\\\/#primaryimage\",\"url\":\"https:\\\/\\\/medicusgaia.com\\\/wp-content\\\/uploads\\\/2018\\\/11\\\/El-Poder-de-los-Aceites-Esenciales_-Inmunomodulacion-y-Aromaterapia-Cientifica.png\",\"contentUrl\":\"https:\\\/\\\/medicusgaia.com\\\/wp-content\\\/uploads\\\/2018\\\/11\\\/El-Poder-de-los-Aceites-Esenciales_-Inmunomodulacion-y-Aromaterapia-Cientifica.png\",\"width\":1344,\"height\":896,\"caption\":\"els olis essencials quimiotipats regulen el sistema immunol\u00f2gic segons la Dra. Cristina Pellicer. Aromater\u00e0pia basada en ci\u00e8ncia.\"},{\"@type\":\"WebSite\",\"@id\":\"https:\\\/\\\/medicusgaia.com\\\/ca\\\/#website\",\"url\":\"https:\\\/\\\/medicusgaia.com\\\/ca\\\/\",\"name\":\"Medicus Gaia\",\"description\":\"Institut de Salut i Medicina Integrativa\",\"publisher\":{\"@id\":\"https:\\\/\\\/medicusgaia.com\\\/ca\\\/#organization\"},\"potentialAction\":[{\"@type\":\"SearchAction\",\"target\":{\"@type\":\"EntryPoint\",\"urlTemplate\":\"https:\\\/\\\/medicusgaia.com\\\/ca\\\/?s={search_term_string}\"},\"query-input\":{\"@type\":\"PropertyValueSpecification\",\"valueRequired\":true,\"valueName\":\"search_term_string\"}}],\"inLanguage\":\"ca\"},{\"@type\":\"Organization\",\"@id\":\"https:\\\/\\\/medicusgaia.com\\\/ca\\\/#organization\",\"name\":\"Medicus Gaia\",\"url\":\"https:\\\/\\\/medicusgaia.com\\\/ca\\\/\",\"logo\":{\"@type\":\"ImageObject\",\"inLanguage\":\"ca\",\"@id\":\"https:\\\/\\\/medicusgaia.com\\\/ca\\\/#\\\/schema\\\/logo\\\/image\\\/\",\"url\":\"https:\\\/\\\/medicusgaia.com\\\/wp-content\\\/uploads\\\/2024\\\/05\\\/medicus-gaia-institut-de-salut-i-medicina-integrativa-crisitina-pellicer-1.png\",\"contentUrl\":\"https:\\\/\\\/medicusgaia.com\\\/wp-content\\\/uploads\\\/2024\\\/05\\\/medicus-gaia-institut-de-salut-i-medicina-integrativa-crisitina-pellicer-1.png\",\"width\":900,\"height\":346,\"caption\":\"Medicus Gaia\"},\"image\":{\"@id\":\"https:\\\/\\\/medicusgaia.com\\\/ca\\\/#\\\/schema\\\/logo\\\/image\\\/\"},\"sameAs\":[\"https:\\\/\\\/www.facebook.com\\\/profile.php?id=100083402287688\",\"https:\\\/\\\/www.instagram.com\\\/ismi_medicusgaia\\\/\",\"https:\\\/\\\/www.linkedin.com\\\/company\\\/institut-de-salut-i-medicina-integrativa-medicus-gaia\\\/\"]},{\"@type\":\"Person\",\"@id\":\"https:\\\/\\\/medicusgaia.com\\\/ca\\\/#\\\/schema\\\/person\\\/a546511d4effa14bbd6efcf46f08b17a\",\"name\":\"GaiaPubli\",\"image\":{\"@type\":\"ImageObject\",\"inLanguage\":\"ca\",\"@id\":\"https:\\\/\\\/secure.gravatar.com\\\/avatar\\\/89715b6b0ea23c9f137b6a7d47baca3bd2d88d7b92d667c10d2898046d8cd9e3?s=96&d=mm&r=g\",\"url\":\"https:\\\/\\\/secure.gravatar.com\\\/avatar\\\/89715b6b0ea23c9f137b6a7d47baca3bd2d88d7b92d667c10d2898046d8cd9e3?s=96&d=mm&r=g\",\"contentUrl\":\"https:\\\/\\\/secure.gravatar.com\\\/avatar\\\/89715b6b0ea23c9f137b6a7d47baca3bd2d88d7b92d667c10d2898046d8cd9e3?s=96&d=mm&r=g\",\"caption\":\"GaiaPubli\"},\"url\":\"https:\\\/\\\/medicusgaia.com\\\/ca\\\/author\\\/gaiapubli\\\/\"}]}<\/script>\n<!-- \/ Yoast SEO plugin. -->","yoast_head_json":{"title":"Olis essencials i immunomodulaci\u00f3: Aromater\u00e0pia cient\u00edfica","description":"Els olis essencials quimiotipats regulen el sistema immunol\u00f2gic segons la Dra. Cristina Pellicer. Aromater\u00e0pia basada en ci\u00e8ncia.","robots":{"index":"index","follow":"follow","max-snippet":"max-snippet:-1","max-image-preview":"max-image-preview:large","max-video-preview":"max-video-preview:-1"},"canonical":"https:\/\/medicusgaia.com\/ca\/olis-essencials-immunomodulacion-aromaterapia\/","og_locale":"ca_ES","og_type":"article","og_title":"Olis essencials i immunomodulaci\u00f3: Aromater\u00e0pia cient\u00edfica","og_description":"Els olis essencials quimiotipats regulen el sistema immunol\u00f2gic segons la Dra. Cristina Pellicer. Aromater\u00e0pia basada en ci\u00e8ncia.","og_url":"https:\/\/medicusgaia.com\/ca\/olis-essencials-immunomodulacion-aromaterapia\/","og_site_name":"Medicus Gaia","article_publisher":"https:\/\/www.facebook.com\/profile.php?id=100083402287688","article_published_time":"2016-11-16T08:43:52+00:00","article_modified_time":"2026-03-20T18:25:03+00:00","og_image":[{"width":1344,"height":896,"url":"https:\/\/medicusgaia.com\/wp-content\/uploads\/2018\/11\/El-Poder-de-los-Aceites-Esenciales_-Inmunomodulacion-y-Aromaterapia-Cientifica.png","type":"image\/png"}],"author":"GaiaPubli","twitter_card":"summary_large_image","twitter_misc":{"Escrit per":"GaiaPubli","Temps estimat de lectura":"4 minuts"},"schema":{"@context":"https:\/\/schema.org","@graph":[{"@type":"Article","@id":"https:\/\/medicusgaia.com\/ca\/olis-essencials-immunomodulacion-aromaterapia\/#article","isPartOf":{"@id":"https:\/\/medicusgaia.com\/ca\/olis-essencials-immunomodulacion-aromaterapia\/"},"author":{"name":"GaiaPubli","@id":"https:\/\/medicusgaia.com\/ca\/#\/schema\/person\/a546511d4effa14bbd6efcf46f08b17a"},"headline":"El Poder dels Olis Essencials: Immunomodulaci\u00f3 i Aromater\u00e0pia Cient\u00edfica","datePublished":"2016-11-16T08:43:52+00:00","dateModified":"2026-03-20T18:25:03+00:00","mainEntityOfPage":{"@id":"https:\/\/medicusgaia.com\/ca\/olis-essencials-immunomodulacion-aromaterapia\/"},"wordCount":588,"publisher":{"@id":"https:\/\/medicusgaia.com\/ca\/#organization"},"image":{"@id":"https:\/\/medicusgaia.com\/ca\/olis-essencials-immunomodulacion-aromaterapia\/#primaryimage"},"thumbnailUrl":"https:\/\/medicusgaia.com\/wp-content\/uploads\/2018\/11\/El-Poder-de-los-Aceites-Esenciales_-Inmunomodulacion-y-Aromaterapia-Cientifica.png","articleSection":["Not\u00edcies"],"inLanguage":"ca"},{"@type":"WebPage","@id":"https:\/\/medicusgaia.com\/ca\/olis-essencials-immunomodulacion-aromaterapia\/","url":"https:\/\/medicusgaia.com\/ca\/olis-essencials-immunomodulacion-aromaterapia\/","name":"Olis essencials i immunomodulaci\u00f3: Aromater\u00e0pia cient\u00edfica","isPartOf":{"@id":"https:\/\/medicusgaia.com\/ca\/#website"},"primaryImageOfPage":{"@id":"https:\/\/medicusgaia.com\/ca\/olis-essencials-immunomodulacion-aromaterapia\/#primaryimage"},"image":{"@id":"https:\/\/medicusgaia.com\/ca\/olis-essencials-immunomodulacion-aromaterapia\/#primaryimage"},"thumbnailUrl":"https:\/\/medicusgaia.com\/wp-content\/uploads\/2018\/11\/El-Poder-de-los-Aceites-Esenciales_-Inmunomodulacion-y-Aromaterapia-Cientifica.png","datePublished":"2016-11-16T08:43:52+00:00","dateModified":"2026-03-20T18:25:03+00:00","description":"Els olis essencials quimiotipats regulen el sistema immunol\u00f2gic segons la Dra. Cristina Pellicer. Aromater\u00e0pia basada en ci\u00e8ncia.","inLanguage":"ca","potentialAction":[{"@type":"ReadAction","target":["https:\/\/medicusgaia.com\/ca\/olis-essencials-immunomodulacion-aromaterapia\/"]}]},{"@type":"ImageObject","inLanguage":"ca","@id":"https:\/\/medicusgaia.com\/ca\/olis-essencials-immunomodulacion-aromaterapia\/#primaryimage","url":"https:\/\/medicusgaia.com\/wp-content\/uploads\/2018\/11\/El-Poder-de-los-Aceites-Esenciales_-Inmunomodulacion-y-Aromaterapia-Cientifica.png","contentUrl":"https:\/\/medicusgaia.com\/wp-content\/uploads\/2018\/11\/El-Poder-de-los-Aceites-Esenciales_-Inmunomodulacion-y-Aromaterapia-Cientifica.png","width":1344,"height":896,"caption":"els olis essencials quimiotipats regulen el sistema immunol\u00f2gic segons la Dra. Cristina Pellicer. Aromater\u00e0pia basada en ci\u00e8ncia."},{"@type":"WebSite","@id":"https:\/\/medicusgaia.com\/ca\/#website","url":"https:\/\/medicusgaia.com\/ca\/","name":"Medicus Gaia","description":"Institut de Salut i Medicina Integrativa","publisher":{"@id":"https:\/\/medicusgaia.com\/ca\/#organization"},"potentialAction":[{"@type":"SearchAction","target":{"@type":"EntryPoint","urlTemplate":"https:\/\/medicusgaia.com\/ca\/?s={search_term_string}"},"query-input":{"@type":"PropertyValueSpecification","valueRequired":true,"valueName":"search_term_string"}}],"inLanguage":"ca"},{"@type":"Organization","@id":"https:\/\/medicusgaia.com\/ca\/#organization","name":"Medicus Gaia","url":"https:\/\/medicusgaia.com\/ca\/","logo":{"@type":"ImageObject","inLanguage":"ca","@id":"https:\/\/medicusgaia.com\/ca\/#\/schema\/logo\/image\/","url":"https:\/\/medicusgaia.com\/wp-content\/uploads\/2024\/05\/medicus-gaia-institut-de-salut-i-medicina-integrativa-crisitina-pellicer-1.png","contentUrl":"https:\/\/medicusgaia.com\/wp-content\/uploads\/2024\/05\/medicus-gaia-institut-de-salut-i-medicina-integrativa-crisitina-pellicer-1.png","width":900,"height":346,"caption":"Medicus Gaia"},"image":{"@id":"https:\/\/medicusgaia.com\/ca\/#\/schema\/logo\/image\/"},"sameAs":["https:\/\/www.facebook.com\/profile.php?id=100083402287688","https:\/\/www.instagram.com\/ismi_medicusgaia\/","https:\/\/www.linkedin.com\/company\/institut-de-salut-i-medicina-integrativa-medicus-gaia\/"]},{"@type":"Person","@id":"https:\/\/medicusgaia.com\/ca\/#\/schema\/person\/a546511d4effa14bbd6efcf46f08b17a","name":"GaiaPubli","image":{"@type":"ImageObject","inLanguage":"ca","@id":"https:\/\/secure.gravatar.com\/avatar\/89715b6b0ea23c9f137b6a7d47baca3bd2d88d7b92d667c10d2898046d8cd9e3?s=96&d=mm&r=g","url":"https:\/\/secure.gravatar.com\/avatar\/89715b6b0ea23c9f137b6a7d47baca3bd2d88d7b92d667c10d2898046d8cd9e3?s=96&d=mm&r=g","contentUrl":"https:\/\/secure.gravatar.com\/avatar\/89715b6b0ea23c9f137b6a7d47baca3bd2d88d7b92d667c10d2898046d8cd9e3?s=96&d=mm&r=g","caption":"GaiaPubli"},"url":"https:\/\/medicusgaia.com\/ca\/author\/gaiapubli\/"}]}},"_links":{"self":[{"href":"https:\/\/medicusgaia.com\/ca\/wp-json\/wp\/v2\/posts\/27950","targetHints":{"allow":["GET"]}}],"collection":[{"href":"https:\/\/medicusgaia.com\/ca\/wp-json\/wp\/v2\/posts"}],"about":[{"href":"https:\/\/medicusgaia.com\/ca\/wp-json\/wp\/v2\/types\/post"}],"author":[{"embeddable":true,"href":"https:\/\/medicusgaia.com\/ca\/wp-json\/wp\/v2\/users\/5"}],"replies":[{"embeddable":true,"href":"https:\/\/medicusgaia.com\/ca\/wp-json\/wp\/v2\/comments?post=27950"}],"version-history":[{"count":2,"href":"https:\/\/medicusgaia.com\/ca\/wp-json\/wp\/v2\/posts\/27950\/revisions"}],"predecessor-version":[{"id":29261,"href":"https:\/\/medicusgaia.com\/ca\/wp-json\/wp\/v2\/posts\/27950\/revisions\/29261"}],"wp:featuredmedia":[{"embeddable":true,"href":"https:\/\/medicusgaia.com\/ca\/wp-json\/wp\/v2\/media\/27869"}],"wp:attachment":[{"href":"https:\/\/medicusgaia.com\/ca\/wp-json\/wp\/v2\/media?parent=27950"}],"wp:term":[{"taxonomy":"category","embeddable":true,"href":"https:\/\/medicusgaia.com\/ca\/wp-json\/wp\/v2\/categories?post=27950"},{"taxonomy":"post_tag","embeddable":true,"href":"https:\/\/medicusgaia.com\/ca\/wp-json\/wp\/v2\/tags?post=27950"}],"curies":[{"name":"wp","href":"https:\/\/api.w.org\/{rel}","templated":true}]}}